{"id":12356,"date":"2025-11-19T12:23:55","date_gmt":"2025-11-19T11:23:55","guid":{"rendered":"https:\/\/ecolesaintethereseliliaplouguerneau.fr\/?p=12356"},"modified":"2025-11-26T12:31:19","modified_gmt":"2025-11-26T11:31:19","slug":"12356","status":"publish","type":"post","link":"https:\/\/ecolesaintethereseliliaplouguerneau.fr\/index.php\/2025\/11\/19\/12356\/","title":{"rendered":"Les maitresses rep\u00e8rent le parcours de randonn\u00e9e"},"content":{"rendered":"<p>Mais que font les ma\u00eetresses de vos enfants le mercredi ?<br \/>\nGrasse matin\u00e9e ? Film en pyjama ? Spa ? Eh bien non, rat\u00e9 ! C\u2019est un petit footing pour reconna\u00eetre le parcours de la randonn\u00e9e de vendredi prochain pour les grands !<\/p>\n<p>Toujours au taquet pour pr\u00e9parer les sorties de nos aventuriers ! \ud83e\udd17<\/p>\n<p><img loading=\"lazy\" decoding=\"async\" class=\"alignnone size-medium wp-image-12365\" src=\"http:\/\/ecolesaintethereseliliaplouguerneau.fr\/wp-content\/uploads\/2025\/11\/IMG_2007-300x225.jpg\" alt=\"\" width=\"300\" height=\"225\" srcset=\"https:\/\/ecolesaintethereseliliaplouguerneau.fr\/wp-content\/uploads\/2025\/11\/IMG_2007-300x225.jpg 300w, https:\/\/ecolesaintethereseliliaplouguerneau.fr\/wp-content\/uploads\/2025\/11\/IMG_2007-1024x768.jpg 1024w, https:\/\/ecolesaintethereseliliaplouguerneau.fr\/wp-content\/uploads\/2025\/11\/IMG_2007-768x576.jpg 768w, https:\/\/ecolesaintethereseliliaplouguerneau.fr\/wp-content\/uploads\/2025\/11\/IMG_2007-1536x1152.jpg 1536w, https:\/\/ecolesaintethereseliliaplouguerneau.fr\/wp-content\/uploads\/2025\/11\/IMG_2007-2048x1536.jpg 2048w, https:\/\/ecolesaintethereseliliaplouguerneau.fr\/wp-content\/uploads\/2025\/11\/IMG_2007-510x382.jpg 510w, https:\/\/ecolesaintethereseliliaplouguerneau.fr\/wp-content\/uploads\/2025\/11\/IMG_2007-1080x810.jpg 1080w\" sizes=\"(max-width: 300px) 100vw, 300px\" \/> <img loading=\"lazy\" decoding=\"async\" class=\"alignnone size-medium wp-image-12366\" src=\"http:\/\/ecolesaintethereseliliaplouguerneau.fr\/wp-content\/uploads\/2025\/11\/IMG_2008-300x225.jpg\" alt=\"\" width=\"300\" height=\"225\" srcset=\"https:\/\/ecolesaintethereseliliaplouguerneau.fr\/wp-content\/uploads\/2025\/11\/IMG_2008-300x225.jpg 300w, https:\/\/ecolesaintethereseliliaplouguerneau.fr\/wp-content\/uploads\/2025\/11\/IMG_2008-1024x768.jpg 1024w, https:\/\/ecolesaintethereseliliaplouguerneau.fr\/wp-content\/uploads\/2025\/11\/IMG_2008-768x576.jpg 768w, https:\/\/ecolesaintethereseliliaplouguerneau.fr\/wp-content\/uploads\/2025\/11\/IMG_2008-1536x1152.jpg 1536w, https:\/\/ecolesaintethereseliliaplouguerneau.fr\/wp-content\/uploads\/2025\/11\/IMG_2008-2048x1536.jpg 2048w, https:\/\/ecolesaintethereseliliaplouguerneau.fr\/wp-content\/uploads\/2025\/11\/IMG_2008-510x382.jpg 510w, https:\/\/ecolesaintethereseliliaplouguerneau.fr\/wp-content\/uploads\/2025\/11\/IMG_2008-1080x810.jpg 1080w\" sizes=\"(max-width: 300px) 100vw, 300px\" \/><\/p>\n","protected":false},"excerpt":{"rendered":"<p>Mais que font les ma\u00eetresses de vos enfants le mercredi ? Grasse matin\u00e9e ? Film en pyjama ? Spa ? Eh bien non, rat\u00e9 ! C\u2019est un petit footing pour reconna\u00eetre le parcours de la randonn\u00e9e de vendredi prochain pour les grands ! Toujours au taquet pour pr\u00e9parer les sorties de nos aventuriers ! \ud83e\udd17<\/p>\n","protected":false},"author":7,"featured_media":12366,"comment_status":"closed","ping_status":"closed","sticky":false,"template":"","format":"standard","meta":{"footnotes":""},"categories":[36,37,35,13,34],"tags":[],"_links":{"self":[{"href":"https:\/\/ecolesaintethereseliliaplouguerneau.fr\/index.php\/wp-json\/wp\/v2\/posts\/12356"}],"collection":[{"href":"https:\/\/ecolesaintethereseliliaplouguerneau.fr\/index.php\/wp-json\/wp\/v2\/posts"}],"about":[{"href":"https:\/\/ecolesaintethereseliliaplouguerneau.fr\/index.php\/wp-json\/wp\/v2\/types\/post"}],"author":[{"embeddable":true,"href":"https:\/\/ecolesaintethereseliliaplouguerneau.fr\/index.php\/wp-json\/wp\/v2\/users\/7"}],"replies":[{"embeddable":true,"href":"https:\/\/ecolesaintethereseliliaplouguerneau.fr\/index.php\/wp-json\/wp\/v2\/comments?post=12356"}],"version-history":[{"count":3,"href":"https:\/\/ecolesaintethereseliliaplouguerneau.fr\/index.php\/wp-json\/wp\/v2\/posts\/12356\/revisions"}],"predecessor-version":[{"id":12367,"href":"https:\/\/ecolesaintethereseliliaplouguerneau.fr\/index.php\/wp-json\/wp\/v2\/posts\/12356\/revisions\/12367"}],"wp:featuredmedia":[{"embeddable":true,"href":"https:\/\/ecolesaintethereseliliaplouguerneau.fr\/index.php\/wp-json\/wp\/v2\/media\/12366"}],"wp:attachment":[{"href":"https:\/\/ecolesaintethereseliliaplouguerneau.fr\/index.php\/wp-json\/wp\/v2\/media?parent=12356"}],"wp:term":[{"taxonomy":"category","embeddable":true,"href":"https:\/\/ecolesaintethereseliliaplouguerneau.fr\/index.php\/wp-json\/wp\/v2\/categories?post=12356"},{"taxonomy":"post_tag","embeddable":true,"href":"https:\/\/ecolesaintethereseliliaplouguerneau.fr\/index.php\/wp-json\/wp\/v2\/tags?post=12356"}],"curies":[{"name":"wp","href":"https:\/\/api.w.org\/{rel}","templated":true}]}}